{"id":29694,"date":"2016-01-25T09:31:00","date_gmt":"2016-01-25T08:31:00","guid":{"rendered":"http:\/\/www.vibarchitecture.com\/fr\/laurent-grasso-presente-son-oeuvre-sur-les-silos-13\/"},"modified":"2016-10-31T16:55:59","modified_gmt":"2016-10-31T15:55:59","slug":"laurent-grasso-presente-son-oeuvre-sur-les-silos-13","status":"publish","type":"post","link":"https:\/\/www.vibarchitecture.com\/fr\/laurent-grasso-presente-son-oeuvre-sur-les-silos-13\/","title":{"rendered":"TELERAMA | Laurent Grasso pr\u00e9sente \u00ab\u00a0solar wind\u00a0\u00bb sur le projet Silos 13."},"content":{"rendered":"<p>Video r\u00e9alis\u00e9e par\u00a0TELERAMA pour comprendre l&rsquo;histoire de\u00a0\u00ab\u00a0Solar Wind\u00a0\u00bb, intervention artistique par <a href=\"https:\/\/www.perrotin.com\/artiste-Laurent_Grasso-190.html\" target=\"_blank\">LAURENT GRASSO<\/a>\u00a0sur le\u00a0<a href=\"https:\/\/www.vibarchitecture.com\/project\/silos-13-cement-distribution-center-paris-13\/\">projet Silos 13<\/a>\u00a0\u00e0\u00a0Paris.<\/p>\n<p><strong>Inauguration ce 25 janvier 19h00.<\/strong><\/p>\n<blockquote><p>Nous avons donn\u00e9 carte blanche \u00e0 Laurent Grasso pour r\u00e9aliser cette\u00a0\u0153uvre monumentale \u00ab\u00a0SolarWind\u00a0\u00bb, tout en le soutenant pour trouver des solutions techniques, afin que la nuit l\u2019installation lumineuse efface les limites du b\u00e2ti. C\u2019est la prolongation artistique de notre approche architecturale de vouloir faire vibrer, mouvoir et \u00e9mouvoir. D\u2019un brouillard urbain, une sculpture de lumi\u00e8re \u00e9merge vers le ciel et dans l\u2019espace lointain.<\/p><\/blockquote>\n<div class=\"video-container\"><iframe src=\"http:\/\/www.ultimedia.com\/deliver\/generic\/iframe\/mdtk\/01692309\/src\/lx550r\/zone\/9\/showtitle\/1\/\" width=\"100%\" height=\"600\" frameborder=\"0\" marginwidth=\"0\" marginheight=\"0\" scrolling=\"no\" allowfullscreen=\"allowfullscreen\"><\/iframe><\/div>\n","protected":false},"excerpt":{"rendered":"<p>Video r\u00e9alis\u00e9e par\u00a0TELERAMA pour comprendre l&rsquo;histoire de\u00a0\u00ab\u00a0Solar Wind\u00a0\u00bb, intervention artistique par LAURENT GRASSO\u00a0sur le\u00a0projet Silos <a href=\"https:\/\/www.vibarchitecture.com\/fr\/laurent-grasso-presente-son-oeuvre-sur-les-silos-13\/\"> [&#8230;]<\/a><\/p>\n","protected":false},"author":3,"featured_media":0,"comment_status":"open","ping_status":"closed","sticky":false,"template":"","format":"standard","meta":{"_jetpack_memberships_contains_paid_content":false,"footnotes":""},"categories":[648,525],"tags":[],"class_list":["post-29694","post","type-post","status-publish","format-standard","hentry","category-evenements","category-video"],"acf":[],"yoast_head":"<!-- This site is optimized with the Yoast SEO plugin v27.5 - https:\/\/yoast.com\/product\/yoast-seo-wordpress\/ -->\n<title>TELERAMA | Laurent Grasso pr\u00e9sente &quot;solar wind&quot; sur le projet Silos 13. - VIB architecture<\/title>\n<meta name=\"robots\" content=\"index, follow, max-snippet:-1, max-image-preview:large, max-video-preview:-1\" \/>\n<link rel=\"canonical\" href=\"https:\/\/www.vibarchitecture.com\/fr\/laurent-grasso-presente-son-oeuvre-sur-les-silos-13\/\" \/>\n<meta property=\"og:locale\" content=\"fr_FR\" \/>\n<meta property=\"og:type\" content=\"article\" \/>\n<meta property=\"og:title\" content=\"TELERAMA | Laurent Grasso pr\u00e9sente &quot;solar wind&quot; sur le projet Silos 13. - VIB architecture\" \/>\n<meta property=\"og:description\" content=\"Video r\u00e9alis\u00e9e par\u00a0TELERAMA pour comprendre l&rsquo;histoire de\u00a0\u00ab\u00a0Solar Wind\u00a0\u00bb, intervention artistique par LAURENT GRASSO\u00a0sur le\u00a0projet Silos [...]\" \/>\n<meta property=\"og:url\" content=\"https:\/\/www.vibarchitecture.com\/fr\/laurent-grasso-presente-son-oeuvre-sur-les-silos-13\/\" \/>\n<meta property=\"og:site_name\" content=\"VIB architecture\" \/>\n<meta property=\"article:publisher\" content=\"https:\/\/www.facebook.com\/vibarchitecture\" \/>\n<meta property=\"article:published_time\" content=\"2016-01-25T08:31:00+00:00\" \/>\n<meta property=\"article:modified_time\" content=\"2016-10-31T15:55:59+00:00\" \/>\n<meta property=\"og:image\" content=\"https:\/\/i0.wp.com\/www.vibarchitecture.com\/wp-content\/uploads\/2015\/09\/dsc05090-silos-web.jpg?fit=1000%2C667&ssl=1\" \/>\n\t<meta property=\"og:image:width\" content=\"1000\" \/>\n\t<meta property=\"og:image:height\" content=\"667\" \/>\n\t<meta property=\"og:image:type\" content=\"image\/jpeg\" \/>\n<meta name=\"author\" content=\"FV\" \/>\n<meta name=\"twitter:card\" content=\"summary_large_image\" \/>\n<meta name=\"twitter:image\" content=\"http:\/\/www.vibarchitecture.com\/wp-content\/uploads\/2015\/09\/dsc05090-silos-web.jpg\" \/>\n<meta name=\"twitter:creator\" content=\"@vibarchitecture\" \/>\n<meta name=\"twitter:site\" content=\"@vibarchitecture\" \/>\n<meta name=\"twitter:label1\" content=\"\u00c9crit par\" \/>\n\t<meta name=\"twitter:data1\" content=\"FV\" \/>\n<script type=\"application\/ld+json\" class=\"yoast-schema-graph\">{\"@context\":\"https:\\\/\\\/schema.org\",\"@graph\":[{\"@type\":\"Article\",\"@id\":\"https:\\\/\\\/www.vibarchitecture.com\\\/fr\\\/laurent-grasso-presente-son-oeuvre-sur-les-silos-13\\\/#article\",\"isPartOf\":{\"@id\":\"https:\\\/\\\/www.vibarchitecture.com\\\/fr\\\/laurent-grasso-presente-son-oeuvre-sur-les-silos-13\\\/\"},\"author\":{\"name\":\"FV\",\"@id\":\"https:\\\/\\\/www.vibarchitecture.com\\\/fr\\\/#\\\/schema\\\/person\\\/92dd808978bbfba97095e89373abe05f\"},\"headline\":\"TELERAMA | Laurent Grasso pr\u00e9sente \u00ab\u00a0solar wind\u00a0\u00bb sur le projet Silos 13.\",\"datePublished\":\"2016-01-25T08:31:00+00:00\",\"dateModified\":\"2016-10-31T15:55:59+00:00\",\"mainEntityOfPage\":{\"@id\":\"https:\\\/\\\/www.vibarchitecture.com\\\/fr\\\/laurent-grasso-presente-son-oeuvre-sur-les-silos-13\\\/\"},\"wordCount\":108,\"commentCount\":0,\"articleSection\":[\"\u00e9v\u00e8nements\",\"vid\u00e9o\"],\"inLanguage\":\"fr-FR\",\"potentialAction\":[{\"@type\":\"CommentAction\",\"name\":\"Comment\",\"target\":[\"https:\\\/\\\/www.vibarchitecture.com\\\/fr\\\/laurent-grasso-presente-son-oeuvre-sur-les-silos-13\\\/#respond\"]}]},{\"@type\":\"WebPage\",\"@id\":\"https:\\\/\\\/www.vibarchitecture.com\\\/fr\\\/laurent-grasso-presente-son-oeuvre-sur-les-silos-13\\\/\",\"url\":\"https:\\\/\\\/www.vibarchitecture.com\\\/fr\\\/laurent-grasso-presente-son-oeuvre-sur-les-silos-13\\\/\",\"name\":\"TELERAMA | Laurent Grasso pr\u00e9sente \\\"solar wind\\\" sur le projet Silos 13. - VIB architecture\",\"isPartOf\":{\"@id\":\"https:\\\/\\\/www.vibarchitecture.com\\\/fr\\\/#website\"},\"datePublished\":\"2016-01-25T08:31:00+00:00\",\"dateModified\":\"2016-10-31T15:55:59+00:00\",\"author\":{\"@id\":\"https:\\\/\\\/www.vibarchitecture.com\\\/fr\\\/#\\\/schema\\\/person\\\/92dd808978bbfba97095e89373abe05f\"},\"breadcrumb\":{\"@id\":\"https:\\\/\\\/www.vibarchitecture.com\\\/fr\\\/laurent-grasso-presente-son-oeuvre-sur-les-silos-13\\\/#breadcrumb\"},\"inLanguage\":\"fr-FR\",\"potentialAction\":[{\"@type\":\"ReadAction\",\"target\":[\"https:\\\/\\\/www.vibarchitecture.com\\\/fr\\\/laurent-grasso-presente-son-oeuvre-sur-les-silos-13\\\/\"]}]},{\"@type\":\"BreadcrumbList\",\"@id\":\"https:\\\/\\\/www.vibarchitecture.com\\\/fr\\\/laurent-grasso-presente-son-oeuvre-sur-les-silos-13\\\/#breadcrumb\",\"itemListElement\":[{\"@type\":\"ListItem\",\"position\":1,\"name\":\"Accueil\",\"item\":\"https:\\\/\\\/www.vibarchitecture.com\\\/fr\\\/\"},{\"@type\":\"ListItem\",\"position\":2,\"name\":\"TELERAMA | Laurent Grasso pr\u00e9sente \u00ab\u00a0solar wind\u00a0\u00bb sur le projet Silos 13.\"}]},{\"@type\":\"WebSite\",\"@id\":\"https:\\\/\\\/www.vibarchitecture.com\\\/fr\\\/#website\",\"url\":\"https:\\\/\\\/www.vibarchitecture.com\\\/fr\\\/\",\"name\":\"VIB architecture\",\"description\":\"Agence d&#039;architecture contemporaine, cr\u00e9\u00e9e par Bettina Ballus et Franck Vialet bas\u00e9e \u00e0 Paris et Bordeaux. Nous imaginons et construisons des laboratoires, logements, bureaux et projets culturels dans toute la France dans une d\u00e9marche cr\u00e9ative et responsable.\",\"potentialAction\":[{\"@type\":\"SearchAction\",\"target\":{\"@type\":\"EntryPoint\",\"urlTemplate\":\"https:\\\/\\\/www.vibarchitecture.com\\\/fr\\\/?s={search_term_string}\"},\"query-input\":{\"@type\":\"PropertyValueSpecification\",\"valueRequired\":true,\"valueName\":\"search_term_string\"}}],\"inLanguage\":\"fr-FR\"},{\"@type\":\"Person\",\"@id\":\"https:\\\/\\\/www.vibarchitecture.com\\\/fr\\\/#\\\/schema\\\/person\\\/92dd808978bbfba97095e89373abe05f\",\"name\":\"FV\",\"image\":{\"@type\":\"ImageObject\",\"inLanguage\":\"fr-FR\",\"@id\":\"https:\\\/\\\/secure.gravatar.com\\\/avatar\\\/cff4b53456ed8ba0a26be5646603c7963459a03a917d35bd872388f58806a544?s=96&d=identicon&r=g\",\"url\":\"https:\\\/\\\/secure.gravatar.com\\\/avatar\\\/cff4b53456ed8ba0a26be5646603c7963459a03a917d35bd872388f58806a544?s=96&d=identicon&r=g\",\"contentUrl\":\"https:\\\/\\\/secure.gravatar.com\\\/avatar\\\/cff4b53456ed8ba0a26be5646603c7963459a03a917d35bd872388f58806a544?s=96&d=identicon&r=g\",\"caption\":\"FV\"},\"description\":\"Architecte et g\u00e9rant de vib architecture\",\"sameAs\":[\"https:\\\/\\\/www.vibarchitecture.com\"],\"url\":\"https:\\\/\\\/www.vibarchitecture.com\\\/fr\\\/author\\\/fv\\\/\"}]}<\/script>\n<!-- \/ Yoast SEO plugin. -->","yoast_head_json":{"title":"TELERAMA | Laurent Grasso pr\u00e9sente \"solar wind\" sur le projet Silos 13. - VIB architecture","robots":{"index":"index","follow":"follow","max-snippet":"max-snippet:-1","max-image-preview":"max-image-preview:large","max-video-preview":"max-video-preview:-1"},"canonical":"https:\/\/www.vibarchitecture.com\/fr\/laurent-grasso-presente-son-oeuvre-sur-les-silos-13\/","og_locale":"fr_FR","og_type":"article","og_title":"TELERAMA | Laurent Grasso pr\u00e9sente \"solar wind\" sur le projet Silos 13. - VIB architecture","og_description":"Video r\u00e9alis\u00e9e par\u00a0TELERAMA pour comprendre l&rsquo;histoire de\u00a0\u00ab\u00a0Solar Wind\u00a0\u00bb, intervention artistique par LAURENT GRASSO\u00a0sur le\u00a0projet Silos [...]","og_url":"https:\/\/www.vibarchitecture.com\/fr\/laurent-grasso-presente-son-oeuvre-sur-les-silos-13\/","og_site_name":"VIB architecture","article_publisher":"https:\/\/www.facebook.com\/vibarchitecture","article_published_time":"2016-01-25T08:31:00+00:00","article_modified_time":"2016-10-31T15:55:59+00:00","og_image":[{"width":1000,"height":667,"url":"https:\/\/i0.wp.com\/www.vibarchitecture.com\/wp-content\/uploads\/2015\/09\/dsc05090-silos-web.jpg?fit=1000%2C667&ssl=1","type":"image\/jpeg"}],"author":"FV","twitter_card":"summary_large_image","twitter_image":"http:\/\/www.vibarchitecture.com\/wp-content\/uploads\/2015\/09\/dsc05090-silos-web.jpg","twitter_creator":"@vibarchitecture","twitter_site":"@vibarchitecture","twitter_misc":{"\u00c9crit par":"FV"},"schema":{"@context":"https:\/\/schema.org","@graph":[{"@type":"Article","@id":"https:\/\/www.vibarchitecture.com\/fr\/laurent-grasso-presente-son-oeuvre-sur-les-silos-13\/#article","isPartOf":{"@id":"https:\/\/www.vibarchitecture.com\/fr\/laurent-grasso-presente-son-oeuvre-sur-les-silos-13\/"},"author":{"name":"FV","@id":"https:\/\/www.vibarchitecture.com\/fr\/#\/schema\/person\/92dd808978bbfba97095e89373abe05f"},"headline":"TELERAMA | Laurent Grasso pr\u00e9sente \u00ab\u00a0solar wind\u00a0\u00bb sur le projet Silos 13.","datePublished":"2016-01-25T08:31:00+00:00","dateModified":"2016-10-31T15:55:59+00:00","mainEntityOfPage":{"@id":"https:\/\/www.vibarchitecture.com\/fr\/laurent-grasso-presente-son-oeuvre-sur-les-silos-13\/"},"wordCount":108,"commentCount":0,"articleSection":["\u00e9v\u00e8nements","vid\u00e9o"],"inLanguage":"fr-FR","potentialAction":[{"@type":"CommentAction","name":"Comment","target":["https:\/\/www.vibarchitecture.com\/fr\/laurent-grasso-presente-son-oeuvre-sur-les-silos-13\/#respond"]}]},{"@type":"WebPage","@id":"https:\/\/www.vibarchitecture.com\/fr\/laurent-grasso-presente-son-oeuvre-sur-les-silos-13\/","url":"https:\/\/www.vibarchitecture.com\/fr\/laurent-grasso-presente-son-oeuvre-sur-les-silos-13\/","name":"TELERAMA | Laurent Grasso pr\u00e9sente \"solar wind\" sur le projet Silos 13. - VIB architecture","isPartOf":{"@id":"https:\/\/www.vibarchitecture.com\/fr\/#website"},"datePublished":"2016-01-25T08:31:00+00:00","dateModified":"2016-10-31T15:55:59+00:00","author":{"@id":"https:\/\/www.vibarchitecture.com\/fr\/#\/schema\/person\/92dd808978bbfba97095e89373abe05f"},"breadcrumb":{"@id":"https:\/\/www.vibarchitecture.com\/fr\/laurent-grasso-presente-son-oeuvre-sur-les-silos-13\/#breadcrumb"},"inLanguage":"fr-FR","potentialAction":[{"@type":"ReadAction","target":["https:\/\/www.vibarchitecture.com\/fr\/laurent-grasso-presente-son-oeuvre-sur-les-silos-13\/"]}]},{"@type":"BreadcrumbList","@id":"https:\/\/www.vibarchitecture.com\/fr\/laurent-grasso-presente-son-oeuvre-sur-les-silos-13\/#breadcrumb","itemListElement":[{"@type":"ListItem","position":1,"name":"Accueil","item":"https:\/\/www.vibarchitecture.com\/fr\/"},{"@type":"ListItem","position":2,"name":"TELERAMA | Laurent Grasso pr\u00e9sente \u00ab\u00a0solar wind\u00a0\u00bb sur le projet Silos 13."}]},{"@type":"WebSite","@id":"https:\/\/www.vibarchitecture.com\/fr\/#website","url":"https:\/\/www.vibarchitecture.com\/fr\/","name":"VIB architecture","description":"Agence d&#039;architecture contemporaine, cr\u00e9\u00e9e par Bettina Ballus et Franck Vialet bas\u00e9e \u00e0 Paris et Bordeaux. Nous imaginons et construisons des laboratoires, logements, bureaux et projets culturels dans toute la France dans une d\u00e9marche cr\u00e9ative et responsable.","potentialAction":[{"@type":"SearchAction","target":{"@type":"EntryPoint","urlTemplate":"https:\/\/www.vibarchitecture.com\/fr\/?s={search_term_string}"},"query-input":{"@type":"PropertyValueSpecification","valueRequired":true,"valueName":"search_term_string"}}],"inLanguage":"fr-FR"},{"@type":"Person","@id":"https:\/\/www.vibarchitecture.com\/fr\/#\/schema\/person\/92dd808978bbfba97095e89373abe05f","name":"FV","image":{"@type":"ImageObject","inLanguage":"fr-FR","@id":"https:\/\/secure.gravatar.com\/avatar\/cff4b53456ed8ba0a26be5646603c7963459a03a917d35bd872388f58806a544?s=96&d=identicon&r=g","url":"https:\/\/secure.gravatar.com\/avatar\/cff4b53456ed8ba0a26be5646603c7963459a03a917d35bd872388f58806a544?s=96&d=identicon&r=g","contentUrl":"https:\/\/secure.gravatar.com\/avatar\/cff4b53456ed8ba0a26be5646603c7963459a03a917d35bd872388f58806a544?s=96&d=identicon&r=g","caption":"FV"},"description":"Architecte et g\u00e9rant de vib architecture","sameAs":["https:\/\/www.vibarchitecture.com"],"url":"https:\/\/www.vibarchitecture.com\/fr\/author\/fv\/"}]}},"jetpack_featured_media_url":"","jetpack_shortlink":"https:\/\/wp.me\/pcD29w-7IW","jetpack_sharing_enabled":true,"_links":{"self":[{"href":"https:\/\/www.vibarchitecture.com\/fr\/wp-json\/wp\/v2\/posts\/29694","targetHints":{"allow":["GET"]}}],"collection":[{"href":"https:\/\/www.vibarchitecture.com\/fr\/wp-json\/wp\/v2\/posts"}],"about":[{"href":"https:\/\/www.vibarchitecture.com\/fr\/wp-json\/wp\/v2\/types\/post"}],"author":[{"embeddable":true,"href":"https:\/\/www.vibarchitecture.com\/fr\/wp-json\/wp\/v2\/users\/3"}],"replies":[{"embeddable":true,"href":"https:\/\/www.vibarchitecture.com\/fr\/wp-json\/wp\/v2\/comments?post=29694"}],"version-history":[{"count":0,"href":"https:\/\/www.vibarchitecture.com\/fr\/wp-json\/wp\/v2\/posts\/29694\/revisions"}],"wp:attachment":[{"href":"https:\/\/www.vibarchitecture.com\/fr\/wp-json\/wp\/v2\/media?parent=29694"}],"wp:term":[{"taxonomy":"category","embeddable":true,"href":"https:\/\/www.vibarchitecture.com\/fr\/wp-json\/wp\/v2\/categories?post=29694"},{"taxonomy":"post_tag","embeddable":true,"href":"https:\/\/www.vibarchitecture.com\/fr\/wp-json\/wp\/v2\/tags?post=29694"}],"curies":[{"name":"wp","href":"https:\/\/api.w.org\/{rel}","templated":true}]}}