{"id":32764,"date":"2021-01-14T14:02:10","date_gmt":"2021-01-14T13:02:10","guid":{"rendered":"https:\/\/www.vibarchitecture.com\/?p=32764"},"modified":"2021-01-14T15:14:56","modified_gmt":"2021-01-14T14:14:56","slug":"institut-de-laudition-parmi-les-100-projets-de-lannee","status":"publish","type":"post","link":"https:\/\/www.vibarchitecture.com\/fr\/institut-de-laudition-parmi-les-100-projets-de-lannee\/","title":{"rendered":"L&rsquo;Institut de l&rsquo;Audition parmi les 100 projets de l&rsquo;ann\u00e9e"},"content":{"rendered":"<p>L&rsquo;annuel d&rsquo;architecture d&rsquo;<a href=\"https:\/\/www.amc-archi.com\/\">AMC<\/a> est en kiosque. L&rsquo;Institut de l&rsquo;Audition figure parmi les 100 projets de l&rsquo;ann\u00e9e.<br \/>\nMerci \u00e0 AMC d&rsquo;\u00e9diter tous les ans ce panorama \u00e9tendu de l&rsquo;architecture en France.<\/p>\n<p><img data-recalc-dims=\"1\" decoding=\"async\" class=\"alignnone size-large wp-image-32758\" src=\"https:\/\/i0.wp.com\/www.vibarchitecture.com\/wp-content\/uploads\/2021\/01\/amc_vib_annuel2020_1.jpg?resize=653%2C871&#038;ssl=1\" alt=\"\" width=\"653\" height=\"871\" srcset=\"https:\/\/i0.wp.com\/www.vibarchitecture.com\/wp-content\/uploads\/2021\/01\/amc_vib_annuel2020_1-scaled.jpg?resize=200%2C267&amp;ssl=1 200w, https:\/\/i0.wp.com\/www.vibarchitecture.com\/wp-content\/uploads\/2021\/01\/amc_vib_annuel2020_1-scaled.jpg?resize=400%2C533&amp;ssl=1 400w, https:\/\/i0.wp.com\/www.vibarchitecture.com\/wp-content\/uploads\/2021\/01\/amc_vib_annuel2020_1-scaled.jpg?resize=600%2C800&amp;ssl=1 600w, https:\/\/i0.wp.com\/www.vibarchitecture.com\/wp-content\/uploads\/2021\/01\/amc_vib_annuel2020_1-scaled.jpg?resize=653%2C871&amp;ssl=1 653w, https:\/\/i0.wp.com\/www.vibarchitecture.com\/wp-content\/uploads\/2021\/01\/amc_vib_annuel2020_1-scaled.jpg?resize=768%2C1024&amp;ssl=1 768w, https:\/\/i0.wp.com\/www.vibarchitecture.com\/wp-content\/uploads\/2021\/01\/amc_vib_annuel2020_1-scaled.jpg?resize=800%2C1067&amp;ssl=1 800w, https:\/\/i0.wp.com\/www.vibarchitecture.com\/wp-content\/uploads\/2021\/01\/amc_vib_annuel2020_1-scaled.jpg?resize=1152%2C1536&amp;ssl=1 1152w, https:\/\/i0.wp.com\/www.vibarchitecture.com\/wp-content\/uploads\/2021\/01\/amc_vib_annuel2020_1-scaled.jpg?resize=1200%2C1600&amp;ssl=1 1200w, https:\/\/i0.wp.com\/www.vibarchitecture.com\/wp-content\/uploads\/2021\/01\/amc_vib_annuel2020_1-scaled.jpg?resize=1536%2C2048&amp;ssl=1 1536w, https:\/\/i0.wp.com\/www.vibarchitecture.com\/wp-content\/uploads\/2021\/01\/amc_vib_annuel2020_1-scaled.jpg?w=1920&amp;ssl=1 1920w\" sizes=\"(max-width: 653px) 100vw, 653px\" \/><\/p>\n<p>&nbsp;<\/p>\n<p><img data-recalc-dims=\"1\" decoding=\"async\" class=\"alignnone size-large wp-image-32760\" src=\"https:\/\/i0.wp.com\/www.vibarchitecture.com\/wp-content\/uploads\/2021\/01\/amc_vib_annuel2020_2.jpg?resize=653%2C871&#038;ssl=1\" alt=\"\" width=\"653\" height=\"871\" srcset=\"https:\/\/i0.wp.com\/www.vibarchitecture.com\/wp-content\/uploads\/2021\/01\/amc_vib_annuel2020_2-scaled.jpg?resize=200%2C267&amp;ssl=1 200w, https:\/\/i0.wp.com\/www.vibarchitecture.com\/wp-content\/uploads\/2021\/01\/amc_vib_annuel2020_2-scaled.jpg?resize=400%2C533&amp;ssl=1 400w, https:\/\/i0.wp.com\/www.vibarchitecture.com\/wp-content\/uploads\/2021\/01\/amc_vib_annuel2020_2-scaled.jpg?resize=600%2C800&amp;ssl=1 600w, https:\/\/i0.wp.com\/www.vibarchitecture.com\/wp-content\/uploads\/2021\/01\/amc_vib_annuel2020_2-scaled.jpg?resize=653%2C871&amp;ssl=1 653w, https:\/\/i0.wp.com\/www.vibarchitecture.com\/wp-content\/uploads\/2021\/01\/amc_vib_annuel2020_2-scaled.jpg?resize=768%2C1024&amp;ssl=1 768w, https:\/\/i0.wp.com\/www.vibarchitecture.com\/wp-content\/uploads\/2021\/01\/amc_vib_annuel2020_2-scaled.jpg?resize=800%2C1067&amp;ssl=1 800w, https:\/\/i0.wp.com\/www.vibarchitecture.com\/wp-content\/uploads\/2021\/01\/amc_vib_annuel2020_2-scaled.jpg?resize=1152%2C1536&amp;ssl=1 1152w, https:\/\/i0.wp.com\/www.vibarchitecture.com\/wp-content\/uploads\/2021\/01\/amc_vib_annuel2020_2-scaled.jpg?resize=1200%2C1600&amp;ssl=1 1200w, https:\/\/i0.wp.com\/www.vibarchitecture.com\/wp-content\/uploads\/2021\/01\/amc_vib_annuel2020_2-scaled.jpg?resize=1536%2C2048&amp;ssl=1 1536w, https:\/\/i0.wp.com\/www.vibarchitecture.com\/wp-content\/uploads\/2021\/01\/amc_vib_annuel2020_2-scaled.jpg?w=1920&amp;ssl=1 1920w\" sizes=\"(max-width: 653px) 100vw, 653px\" \/><\/p>\n<p>&nbsp;<\/p>\n<p>&nbsp;<\/p>\n<p>&nbsp;<\/p>\n<p>&nbsp;<\/p>\n<p>&nbsp;<\/p>\n<p>&nbsp;<\/p>\n","protected":false},"excerpt":{"rendered":"<p>L&rsquo;annuel d&rsquo;architecture d&rsquo;AMC est en kiosque. L&rsquo;Institut de l&rsquo;Audition figure parmi les 100 projets de <a href=\"https:\/\/www.vibarchitecture.com\/fr\/institut-de-laudition-parmi-les-100-projets-de-lannee\/\"> [&#8230;]<\/a><\/p>\n","protected":false},"author":3,"featured_media":32769,"comment_status":"open","ping_status":"closed","sticky":false,"template":"","format":"standard","meta":{"_jetpack_memberships_contains_paid_content":false,"footnotes":""},"categories":[84],"tags":[],"class_list":["post-32764","post","type-post","status-publish","format-standard","has-post-thumbnail","hentry","category-revue-de-presse"],"acf":[],"yoast_head":"<!-- This site is optimized with the Yoast SEO plugin v27.5 - https:\/\/yoast.com\/product\/yoast-seo-wordpress\/ -->\n<title>L&#039;Institut de l&#039;Audition parmi les 100 projets de l&#039;ann\u00e9e - VIB architecture<\/title>\n<meta name=\"robots\" content=\"index, follow, max-snippet:-1, max-image-preview:large, max-video-preview:-1\" \/>\n<link rel=\"canonical\" href=\"https:\/\/www.vibarchitecture.com\/fr\/institut-de-laudition-parmi-les-100-projets-de-lannee\/\" \/>\n<meta property=\"og:locale\" content=\"fr_FR\" \/>\n<meta property=\"og:type\" content=\"article\" \/>\n<meta property=\"og:title\" content=\"L&#039;Institut de l&#039;Audition parmi les 100 projets de l&#039;ann\u00e9e - VIB architecture\" \/>\n<meta property=\"og:description\" content=\"L&rsquo;annuel d&rsquo;architecture d&rsquo;AMC est en kiosque. L&rsquo;Institut de l&rsquo;Audition figure parmi les 100 projets de [...]\" \/>\n<meta property=\"og:url\" content=\"https:\/\/www.vibarchitecture.com\/fr\/institut-de-laudition-parmi-les-100-projets-de-lannee\/\" \/>\n<meta property=\"og:site_name\" content=\"VIB architecture\" \/>\n<meta property=\"article:publisher\" content=\"https:\/\/www.facebook.com\/vibarchitecture\" \/>\n<meta property=\"article:published_time\" content=\"2021-01-14T13:02:10+00:00\" \/>\n<meta property=\"article:modified_time\" content=\"2021-01-14T14:14:56+00:00\" \/>\n<meta property=\"og:image\" content=\"https:\/\/i2.wp.com\/www.vibarchitecture.com\/wp-content\/uploads\/2021\/01\/amc_vib_annuel2020_couv-scaled.jpg?fit=1962%2C2560&ssl=1\" \/>\n\t<meta property=\"og:image:width\" content=\"1962\" \/>\n\t<meta property=\"og:image:height\" content=\"2560\" \/>\n\t<meta property=\"og:image:type\" content=\"image\/jpeg\" \/>\n<meta name=\"author\" content=\"FV\" \/>\n<meta name=\"twitter:card\" content=\"summary_large_image\" \/>\n<meta name=\"twitter:creator\" content=\"@vibarchitecture\" \/>\n<meta name=\"twitter:site\" content=\"@vibarchitecture\" \/>\n<meta name=\"twitter:label1\" content=\"\u00c9crit par\" \/>\n\t<meta name=\"twitter:data1\" content=\"FV\" \/>\n\t<meta name=\"twitter:label2\" content=\"Dur\u00e9e de lecture estim\u00e9e\" \/>\n\t<meta name=\"twitter:data2\" content=\"1 minute\" \/>\n<script type=\"application\/ld+json\" class=\"yoast-schema-graph\">{\"@context\":\"https:\\\/\\\/schema.org\",\"@graph\":[{\"@type\":\"Article\",\"@id\":\"https:\\\/\\\/www.vibarchitecture.com\\\/fr\\\/institut-de-laudition-parmi-les-100-projets-de-lannee\\\/#article\",\"isPartOf\":{\"@id\":\"https:\\\/\\\/www.vibarchitecture.com\\\/fr\\\/institut-de-laudition-parmi-les-100-projets-de-lannee\\\/\"},\"author\":{\"name\":\"FV\",\"@id\":\"https:\\\/\\\/www.vibarchitecture.com\\\/fr\\\/#\\\/schema\\\/person\\\/92dd808978bbfba97095e89373abe05f\"},\"headline\":\"L&rsquo;Institut de l&rsquo;Audition parmi les 100 projets de l&rsquo;ann\u00e9e\",\"datePublished\":\"2021-01-14T13:02:10+00:00\",\"dateModified\":\"2021-01-14T14:14:56+00:00\",\"mainEntityOfPage\":{\"@id\":\"https:\\\/\\\/www.vibarchitecture.com\\\/fr\\\/institut-de-laudition-parmi-les-100-projets-de-lannee\\\/\"},\"wordCount\":56,\"commentCount\":0,\"image\":{\"@id\":\"https:\\\/\\\/www.vibarchitecture.com\\\/fr\\\/institut-de-laudition-parmi-les-100-projets-de-lannee\\\/#primaryimage\"},\"thumbnailUrl\":\"https:\\\/\\\/i0.wp.com\\\/www.vibarchitecture.com\\\/wp-content\\\/uploads\\\/2021\\\/01\\\/amc_vib_annuel2020_couv-scaled.jpg?fit=1962%2C2560&ssl=1\",\"articleSection\":[\"revue de presse\"],\"inLanguage\":\"fr-FR\",\"potentialAction\":[{\"@type\":\"CommentAction\",\"name\":\"Comment\",\"target\":[\"https:\\\/\\\/www.vibarchitecture.com\\\/fr\\\/institut-de-laudition-parmi-les-100-projets-de-lannee\\\/#respond\"]}]},{\"@type\":\"WebPage\",\"@id\":\"https:\\\/\\\/www.vibarchitecture.com\\\/fr\\\/institut-de-laudition-parmi-les-100-projets-de-lannee\\\/\",\"url\":\"https:\\\/\\\/www.vibarchitecture.com\\\/fr\\\/institut-de-laudition-parmi-les-100-projets-de-lannee\\\/\",\"name\":\"L'Institut de l'Audition parmi les 100 projets de l'ann\u00e9e - VIB architecture\",\"isPartOf\":{\"@id\":\"https:\\\/\\\/www.vibarchitecture.com\\\/fr\\\/#website\"},\"primaryImageOfPage\":{\"@id\":\"https:\\\/\\\/www.vibarchitecture.com\\\/fr\\\/institut-de-laudition-parmi-les-100-projets-de-lannee\\\/#primaryimage\"},\"image\":{\"@id\":\"https:\\\/\\\/www.vibarchitecture.com\\\/fr\\\/institut-de-laudition-parmi-les-100-projets-de-lannee\\\/#primaryimage\"},\"thumbnailUrl\":\"https:\\\/\\\/i0.wp.com\\\/www.vibarchitecture.com\\\/wp-content\\\/uploads\\\/2021\\\/01\\\/amc_vib_annuel2020_couv-scaled.jpg?fit=1962%2C2560&ssl=1\",\"datePublished\":\"2021-01-14T13:02:10+00:00\",\"dateModified\":\"2021-01-14T14:14:56+00:00\",\"author\":{\"@id\":\"https:\\\/\\\/www.vibarchitecture.com\\\/fr\\\/#\\\/schema\\\/person\\\/92dd808978bbfba97095e89373abe05f\"},\"breadcrumb\":{\"@id\":\"https:\\\/\\\/www.vibarchitecture.com\\\/fr\\\/institut-de-laudition-parmi-les-100-projets-de-lannee\\\/#breadcrumb\"},\"inLanguage\":\"fr-FR\",\"potentialAction\":[{\"@type\":\"ReadAction\",\"target\":[\"https:\\\/\\\/www.vibarchitecture.com\\\/fr\\\/institut-de-laudition-parmi-les-100-projets-de-lannee\\\/\"]}]},{\"@type\":\"ImageObject\",\"inLanguage\":\"fr-FR\",\"@id\":\"https:\\\/\\\/www.vibarchitecture.com\\\/fr\\\/institut-de-laudition-parmi-les-100-projets-de-lannee\\\/#primaryimage\",\"url\":\"https:\\\/\\\/i0.wp.com\\\/www.vibarchitecture.com\\\/wp-content\\\/uploads\\\/2021\\\/01\\\/amc_vib_annuel2020_couv-scaled.jpg?fit=1962%2C2560&ssl=1\",\"contentUrl\":\"https:\\\/\\\/i0.wp.com\\\/www.vibarchitecture.com\\\/wp-content\\\/uploads\\\/2021\\\/01\\\/amc_vib_annuel2020_couv-scaled.jpg?fit=1962%2C2560&ssl=1\",\"width\":1962,\"height\":2560},{\"@type\":\"BreadcrumbList\",\"@id\":\"https:\\\/\\\/www.vibarchitecture.com\\\/fr\\\/institut-de-laudition-parmi-les-100-projets-de-lannee\\\/#breadcrumb\",\"itemListElement\":[{\"@type\":\"ListItem\",\"position\":1,\"name\":\"Accueil\",\"item\":\"https:\\\/\\\/www.vibarchitecture.com\\\/fr\\\/\"},{\"@type\":\"ListItem\",\"position\":2,\"name\":\"L&rsquo;Institut de l&rsquo;Audition parmi les 100 projets de l&rsquo;ann\u00e9e\"}]},{\"@type\":\"WebSite\",\"@id\":\"https:\\\/\\\/www.vibarchitecture.com\\\/fr\\\/#website\",\"url\":\"https:\\\/\\\/www.vibarchitecture.com\\\/fr\\\/\",\"name\":\"VIB architecture\",\"description\":\"Agence d&#039;architecture contemporaine, cr\u00e9\u00e9e par Bettina Ballus et Franck Vialet bas\u00e9e \u00e0 Paris et Bordeaux. Nous imaginons et construisons des laboratoires, logements, bureaux et projets culturels dans toute la France dans une d\u00e9marche cr\u00e9ative et responsable.\",\"potentialAction\":[{\"@type\":\"SearchAction\",\"target\":{\"@type\":\"EntryPoint\",\"urlTemplate\":\"https:\\\/\\\/www.vibarchitecture.com\\\/fr\\\/?s={search_term_string}\"},\"query-input\":{\"@type\":\"PropertyValueSpecification\",\"valueRequired\":true,\"valueName\":\"search_term_string\"}}],\"inLanguage\":\"fr-FR\"},{\"@type\":\"Person\",\"@id\":\"https:\\\/\\\/www.vibarchitecture.com\\\/fr\\\/#\\\/schema\\\/person\\\/92dd808978bbfba97095e89373abe05f\",\"name\":\"FV\",\"image\":{\"@type\":\"ImageObject\",\"inLanguage\":\"fr-FR\",\"@id\":\"https:\\\/\\\/secure.gravatar.com\\\/avatar\\\/cff4b53456ed8ba0a26be5646603c7963459a03a917d35bd872388f58806a544?s=96&d=identicon&r=g\",\"url\":\"https:\\\/\\\/secure.gravatar.com\\\/avatar\\\/cff4b53456ed8ba0a26be5646603c7963459a03a917d35bd872388f58806a544?s=96&d=identicon&r=g\",\"contentUrl\":\"https:\\\/\\\/secure.gravatar.com\\\/avatar\\\/cff4b53456ed8ba0a26be5646603c7963459a03a917d35bd872388f58806a544?s=96&d=identicon&r=g\",\"caption\":\"FV\"},\"description\":\"Architecte et g\u00e9rant de vib architecture\",\"sameAs\":[\"https:\\\/\\\/www.vibarchitecture.com\"],\"url\":\"https:\\\/\\\/www.vibarchitecture.com\\\/fr\\\/author\\\/fv\\\/\"}]}<\/script>\n<!-- \/ Yoast SEO plugin. -->","yoast_head_json":{"title":"L'Institut de l'Audition parmi les 100 projets de l'ann\u00e9e - VIB architecture","robots":{"index":"index","follow":"follow","max-snippet":"max-snippet:-1","max-image-preview":"max-image-preview:large","max-video-preview":"max-video-preview:-1"},"canonical":"https:\/\/www.vibarchitecture.com\/fr\/institut-de-laudition-parmi-les-100-projets-de-lannee\/","og_locale":"fr_FR","og_type":"article","og_title":"L'Institut de l'Audition parmi les 100 projets de l'ann\u00e9e - VIB architecture","og_description":"L&rsquo;annuel d&rsquo;architecture d&rsquo;AMC est en kiosque. L&rsquo;Institut de l&rsquo;Audition figure parmi les 100 projets de [...]","og_url":"https:\/\/www.vibarchitecture.com\/fr\/institut-de-laudition-parmi-les-100-projets-de-lannee\/","og_site_name":"VIB architecture","article_publisher":"https:\/\/www.facebook.com\/vibarchitecture","article_published_time":"2021-01-14T13:02:10+00:00","article_modified_time":"2021-01-14T14:14:56+00:00","og_image":[{"width":1962,"height":2560,"url":"https:\/\/i2.wp.com\/www.vibarchitecture.com\/wp-content\/uploads\/2021\/01\/amc_vib_annuel2020_couv-scaled.jpg?fit=1962%2C2560&ssl=1","type":"image\/jpeg"}],"author":"FV","twitter_card":"summary_large_image","twitter_creator":"@vibarchitecture","twitter_site":"@vibarchitecture","twitter_misc":{"\u00c9crit par":"FV","Dur\u00e9e de lecture estim\u00e9e":"1 minute"},"schema":{"@context":"https:\/\/schema.org","@graph":[{"@type":"Article","@id":"https:\/\/www.vibarchitecture.com\/fr\/institut-de-laudition-parmi-les-100-projets-de-lannee\/#article","isPartOf":{"@id":"https:\/\/www.vibarchitecture.com\/fr\/institut-de-laudition-parmi-les-100-projets-de-lannee\/"},"author":{"name":"FV","@id":"https:\/\/www.vibarchitecture.com\/fr\/#\/schema\/person\/92dd808978bbfba97095e89373abe05f"},"headline":"L&rsquo;Institut de l&rsquo;Audition parmi les 100 projets de l&rsquo;ann\u00e9e","datePublished":"2021-01-14T13:02:10+00:00","dateModified":"2021-01-14T14:14:56+00:00","mainEntityOfPage":{"@id":"https:\/\/www.vibarchitecture.com\/fr\/institut-de-laudition-parmi-les-100-projets-de-lannee\/"},"wordCount":56,"commentCount":0,"image":{"@id":"https:\/\/www.vibarchitecture.com\/fr\/institut-de-laudition-parmi-les-100-projets-de-lannee\/#primaryimage"},"thumbnailUrl":"https:\/\/i0.wp.com\/www.vibarchitecture.com\/wp-content\/uploads\/2021\/01\/amc_vib_annuel2020_couv-scaled.jpg?fit=1962%2C2560&ssl=1","articleSection":["revue de presse"],"inLanguage":"fr-FR","potentialAction":[{"@type":"CommentAction","name":"Comment","target":["https:\/\/www.vibarchitecture.com\/fr\/institut-de-laudition-parmi-les-100-projets-de-lannee\/#respond"]}]},{"@type":"WebPage","@id":"https:\/\/www.vibarchitecture.com\/fr\/institut-de-laudition-parmi-les-100-projets-de-lannee\/","url":"https:\/\/www.vibarchitecture.com\/fr\/institut-de-laudition-parmi-les-100-projets-de-lannee\/","name":"L'Institut de l'Audition parmi les 100 projets de l'ann\u00e9e - VIB architecture","isPartOf":{"@id":"https:\/\/www.vibarchitecture.com\/fr\/#website"},"primaryImageOfPage":{"@id":"https:\/\/www.vibarchitecture.com\/fr\/institut-de-laudition-parmi-les-100-projets-de-lannee\/#primaryimage"},"image":{"@id":"https:\/\/www.vibarchitecture.com\/fr\/institut-de-laudition-parmi-les-100-projets-de-lannee\/#primaryimage"},"thumbnailUrl":"https:\/\/i0.wp.com\/www.vibarchitecture.com\/wp-content\/uploads\/2021\/01\/amc_vib_annuel2020_couv-scaled.jpg?fit=1962%2C2560&ssl=1","datePublished":"2021-01-14T13:02:10+00:00","dateModified":"2021-01-14T14:14:56+00:00","author":{"@id":"https:\/\/www.vibarchitecture.com\/fr\/#\/schema\/person\/92dd808978bbfba97095e89373abe05f"},"breadcrumb":{"@id":"https:\/\/www.vibarchitecture.com\/fr\/institut-de-laudition-parmi-les-100-projets-de-lannee\/#breadcrumb"},"inLanguage":"fr-FR","potentialAction":[{"@type":"ReadAction","target":["https:\/\/www.vibarchitecture.com\/fr\/institut-de-laudition-parmi-les-100-projets-de-lannee\/"]}]},{"@type":"ImageObject","inLanguage":"fr-FR","@id":"https:\/\/www.vibarchitecture.com\/fr\/institut-de-laudition-parmi-les-100-projets-de-lannee\/#primaryimage","url":"https:\/\/i0.wp.com\/www.vibarchitecture.com\/wp-content\/uploads\/2021\/01\/amc_vib_annuel2020_couv-scaled.jpg?fit=1962%2C2560&ssl=1","contentUrl":"https:\/\/i0.wp.com\/www.vibarchitecture.com\/wp-content\/uploads\/2021\/01\/amc_vib_annuel2020_couv-scaled.jpg?fit=1962%2C2560&ssl=1","width":1962,"height":2560},{"@type":"BreadcrumbList","@id":"https:\/\/www.vibarchitecture.com\/fr\/institut-de-laudition-parmi-les-100-projets-de-lannee\/#breadcrumb","itemListElement":[{"@type":"ListItem","position":1,"name":"Accueil","item":"https:\/\/www.vibarchitecture.com\/fr\/"},{"@type":"ListItem","position":2,"name":"L&rsquo;Institut de l&rsquo;Audition parmi les 100 projets de l&rsquo;ann\u00e9e"}]},{"@type":"WebSite","@id":"https:\/\/www.vibarchitecture.com\/fr\/#website","url":"https:\/\/www.vibarchitecture.com\/fr\/","name":"VIB architecture","description":"Agence d&#039;architecture contemporaine, cr\u00e9\u00e9e par Bettina Ballus et Franck Vialet bas\u00e9e \u00e0 Paris et Bordeaux. Nous imaginons et construisons des laboratoires, logements, bureaux et projets culturels dans toute la France dans une d\u00e9marche cr\u00e9ative et responsable.","potentialAction":[{"@type":"SearchAction","target":{"@type":"EntryPoint","urlTemplate":"https:\/\/www.vibarchitecture.com\/fr\/?s={search_term_string}"},"query-input":{"@type":"PropertyValueSpecification","valueRequired":true,"valueName":"search_term_string"}}],"inLanguage":"fr-FR"},{"@type":"Person","@id":"https:\/\/www.vibarchitecture.com\/fr\/#\/schema\/person\/92dd808978bbfba97095e89373abe05f","name":"FV","image":{"@type":"ImageObject","inLanguage":"fr-FR","@id":"https:\/\/secure.gravatar.com\/avatar\/cff4b53456ed8ba0a26be5646603c7963459a03a917d35bd872388f58806a544?s=96&d=identicon&r=g","url":"https:\/\/secure.gravatar.com\/avatar\/cff4b53456ed8ba0a26be5646603c7963459a03a917d35bd872388f58806a544?s=96&d=identicon&r=g","contentUrl":"https:\/\/secure.gravatar.com\/avatar\/cff4b53456ed8ba0a26be5646603c7963459a03a917d35bd872388f58806a544?s=96&d=identicon&r=g","caption":"FV"},"description":"Architecte et g\u00e9rant de vib architecture","sameAs":["https:\/\/www.vibarchitecture.com"],"url":"https:\/\/www.vibarchitecture.com\/fr\/author\/fv\/"}]}},"jetpack_featured_media_url":"https:\/\/i0.wp.com\/www.vibarchitecture.com\/wp-content\/uploads\/2021\/01\/amc_vib_annuel2020_couv-scaled.jpg?fit=1962%2C2560&ssl=1","jetpack_shortlink":"https:\/\/wp.me\/pcD29w-8ws","jetpack_sharing_enabled":true,"_links":{"self":[{"href":"https:\/\/www.vibarchitecture.com\/fr\/wp-json\/wp\/v2\/posts\/32764","targetHints":{"allow":["GET"]}}],"collection":[{"href":"https:\/\/www.vibarchitecture.com\/fr\/wp-json\/wp\/v2\/posts"}],"about":[{"href":"https:\/\/www.vibarchitecture.com\/fr\/wp-json\/wp\/v2\/types\/post"}],"author":[{"embeddable":true,"href":"https:\/\/www.vibarchitecture.com\/fr\/wp-json\/wp\/v2\/users\/3"}],"replies":[{"embeddable":true,"href":"https:\/\/www.vibarchitecture.com\/fr\/wp-json\/wp\/v2\/comments?post=32764"}],"version-history":[{"count":3,"href":"https:\/\/www.vibarchitecture.com\/fr\/wp-json\/wp\/v2\/posts\/32764\/revisions"}],"predecessor-version":[{"id":32767,"href":"https:\/\/www.vibarchitecture.com\/fr\/wp-json\/wp\/v2\/posts\/32764\/revisions\/32767"}],"wp:featuredmedia":[{"embeddable":true,"href":"https:\/\/www.vibarchitecture.com\/fr\/wp-json\/wp\/v2\/media\/32769"}],"wp:attachment":[{"href":"https:\/\/www.vibarchitecture.com\/fr\/wp-json\/wp\/v2\/media?parent=32764"}],"wp:term":[{"taxonomy":"category","embeddable":true,"href":"https:\/\/www.vibarchitecture.com\/fr\/wp-json\/wp\/v2\/categories?post=32764"},{"taxonomy":"post_tag","embeddable":true,"href":"https:\/\/www.vibarchitecture.com\/fr\/wp-json\/wp\/v2\/tags?post=32764"}],"curies":[{"name":"wp","href":"https:\/\/api.w.org\/{rel}","templated":true}]}}