{"id":6908,"date":"2013-10-30T15:09:33","date_gmt":"2013-10-30T14:09:33","guid":{"rendered":"http:\/\/dev.vi-b.com\/?p=6908"},"modified":"2016-10-31T16:56:16","modified_gmt":"2016-10-31T15:56:16","slug":"vib-en-concours-saclay-103","status":"publish","type":"post","link":"https:\/\/www.vibarchitecture.com\/fr\/vib-en-concours-saclay-103\/","title":{"rendered":"CONCOURS | vib retenu \u00e0 Saclay"},"content":{"rendered":"<p><img data-recalc-dims=\"1\" decoding=\"async\" title=\"CONCOURS | vib retenu \u00e0 Saclay\" alt=\"CONCOURS | vib retenu \u00e0 Saclay\" src=\"https:\/\/i0.wp.com\/www.vibarchitecture.comhttps\/\/www.vibarchitecture.com\/wp-content\/uploads\/2014\/01\/Neurones.jpg?resize=564%2C260&#038;ssl=1\" width=\"564\" height=\"260\" \/><\/p>\n<p style=\"text-align: justify;\">ACTUALIT\u00c9 &#8211;\u00a0LE\u00a0<a href=\"http:\/\/moniteur.fr\/\" target=\"_blank\">MONITEUR.FR<br \/>\n<\/a><br \/>\nParis-Saclay: quatre groupements de ma\u00eetrise d\u2019\u0153uvre s\u00e9lectionn\u00e9s pour la construction du b\u00e2timent \u00ab\u00a0Neurosciences\u00a0\u00bb<\/p>\n<p>30\/10\/2013 |\u00a014:56\u00a0|\u00a0<a style=\"text-decoration: none; font-weight: bold;\" title=\"Projets\" href=\"http:\/\/www.lemoniteur.fr\/liste-contenu\/155-projets\/16\/actualite\" target=\"_blank\">Projets<\/a>\u00a0|<\/p>\n<p style=\"text-align: justify;\">Le jury du concours d\u2019architecture pour la construction, sur le grand campus urbain de Paris-Saclay, d\u2019un b\u00e2timent de 17 000 m\u00b2 d\u00e9di\u00e9 \u00e0 la recherche sur l\u2019organisation du syst\u00e8me nerveux et de ses fonctions, compos\u00e9 de repr\u00e9sentants du CEA, du CNRS, de l\u2019Universit\u00e9 Paris-Sud et de l\u2019Etablissement public Paris-Saclay, a retenu quatre groupements sur les 59 dossiers de candidature re\u00e7us.<\/p>\n<p>Les candidats s\u00e9lectionn\u00e9s sont:<\/p>\n<ul>\n<li>HDR International (Henningson, Durham &amp; Richardson), architecte mandataire; Richez &amp; associ\u00e9s, architecte associ\u00e9; Betom Ing\u00e9nierie, BET TCE; CAP Terre, BET environnemental.<\/li>\n<li>Vialet Architecture, architecte mandataire; Technip TPS, BET TCE; C\u00e9ris Ing\u00e9nierie, BET laboratoires; Elix, conception laboratoires; Fabrice Bougon, \u00e9conomiste; Greenaffair, BET environnemental.<\/li>\n<li>Dietmar Feichtinger Architectes, architecte mandataire; Celnikier &amp; Grabli Architectes, architecte associ\u00e9; Ingerop Conseil et Ing\u00e9nierie, BET TCE.<\/li>\n<li>Brunet Saunier Architecture, architecte mandataire; Setec B\u00e2timent, BET TCE; Sodecset, \u00e9conomiste; Sigma Acoustique, acousticien.<\/li>\n<\/ul>\n<p>Men\u00e9 dans le cadre du d\u00e9veloppement scientifique et technologique de Paris-Saclay\u00a0et de l\u2019op\u00e9ration Campus, le projet Neurosciences aura pour but de:<\/p>\n<ul>\n<li>promouvoir l\u2019\u00e9tude multi-\u00e9chelles du syst\u00e8me nerveux;<\/li>\n<li>former les futurs acteurs de la R&amp;D en neurosciences sur le Campus Paris-Saclay;<\/li>\n<li>stimuler les interactions entre le monde acad\u00e9mique et industriel ainsi qu\u2019entre chercheurs et soci\u00e9t\u00e9.<\/li>\n<\/ul>\n<p>Au sein de ce nouveau b\u00e2timent, seront rassembl\u00e9es les \u00e9quipes de l\u2019Institut de neurobiologie Alfred-Fessard (CNRS) et du Centre de neurosciences Paris-Sud (Universit\u00e9 Paris-Sud\/CNRS). Le site devrait, \u00e0 terme, \u00eatre desservi par la ligne 18 du m\u00e9tro du Grand Paris.<br \/>\nLe r\u00e9sultat du concours sera d\u00e9voil\u00e9 d\u00e9but 2014 pour une livraison du b\u00e2timent pr\u00e9vu en 2017.<\/p>\n<p>Source LE\u00a0<a href=\"http:\/\/moniteur.fr\/\" target=\"_blank\">MONITEUR.FR<\/a><\/p>\n<div style=\"font-family: arial,sans-serif; font-size: 13px;\">_____________________<\/div>\n<div style=\"font-family: arial,sans-serif; font-size: 13px;\"><strong>Paris-Saclay: quatre groupements de ma\u00eetrise d\u2019\u0153uvre s\u00e9lectionn\u00e9s pour la construction du b\u00e2timent \u00ab\u00a0Neurosciences\u00a0\u00bb &#8211; Projets &#8211;\u00a0<a href=\"http:\/\/lemoniteur.fr\/\" target=\"_blank\">LeMoniteur.fr<\/a><\/strong><br \/>\n<a href=\"http:\/\/www.lemoniteur.fr\/155-projets\/article\/actualite\/22707121-paris-saclay-quatre-groupements-de-maitrise-d-uvre-selectionnes-pour-la-construction-du-batiment-neu\">http:\/\/www.lemoniteur.fr\/155-projets\/article\/actualite\/22707121-paris-saclay-quatre-groupements-de-maitrise-d-uvre-selectionnes-pour-la-construction-du-batiment-neu<\/a>saclay-quatre-groupements-de-maitrise-d-uvre-selectionnes-pour-la-construction-du-batiment-neu<\/div>\n<div class=\"gmail_default\" style=\"font-family: tahoma,sans-serif;\"><\/div>\n<div class=\"gmail_extra\"><\/div>\n","protected":false},"excerpt":{"rendered":"<p>ACTUALIT\u00c9 &#8211;\u00a0LE\u00a0MONITEUR.FR Paris-Saclay: quatre groupements de ma\u00eetrise d\u2019\u0153uvre s\u00e9lectionn\u00e9s pour la construction du b\u00e2timent \u00ab\u00a0Neurosciences\u00a0\u00bb <a href=\"https:\/\/www.vibarchitecture.com\/fr\/vib-en-concours-saclay-103\/\"> [&#8230;]<\/a><\/p>\n","protected":false},"author":11,"featured_media":6909,"comment_status":"open","ping_status":"open","sticky":false,"template":"","format":"standard","meta":{"_jetpack_memberships_contains_paid_content":false,"footnotes":""},"categories":[174,84],"tags":[],"class_list":["post-6908","post","type-post","status-publish","format-standard","has-post-thumbnail","hentry","category-concours-1","category-revue-de-presse"],"acf":[],"yoast_head":"<!-- This site is optimized with the Yoast SEO plugin v27.5 - https:\/\/yoast.com\/product\/yoast-seo-wordpress\/ -->\n<title>CONCOURS | vib retenu \u00e0 Saclay - VIB architecture<\/title>\n<meta name=\"description\" content=\"vib architecture retenu \u00e0 Saclay: quatre groupements de ma\u00eetrise d\u2019\u0153uvre s\u00e9lectionn\u00e9s pour la construction du b\u00e2timent &quot;Neurosciences&quot;\" \/>\n<meta name=\"robots\" content=\"index, follow, max-snippet:-1, max-image-preview:large, max-video-preview:-1\" \/>\n<link rel=\"canonical\" href=\"https:\/\/www.vibarchitecture.com\/fr\/vib-en-concours-saclay-103\/\" \/>\n<meta property=\"og:locale\" content=\"fr_FR\" \/>\n<meta property=\"og:type\" content=\"article\" \/>\n<meta property=\"og:title\" content=\"CONCOURS | vib retenu \u00e0 Saclay - VIB architecture\" \/>\n<meta property=\"og:description\" content=\"vib architecture retenu \u00e0 Saclay: quatre groupements de ma\u00eetrise d\u2019\u0153uvre s\u00e9lectionn\u00e9s pour la construction du b\u00e2timent &quot;Neurosciences&quot;\" \/>\n<meta property=\"og:url\" content=\"https:\/\/www.vibarchitecture.com\/fr\/vib-en-concours-saclay-103\/\" \/>\n<meta property=\"og:site_name\" content=\"VIB architecture\" \/>\n<meta property=\"article:publisher\" content=\"https:\/\/www.facebook.com\/vibarchitecture\" \/>\n<meta property=\"article:published_time\" content=\"2013-10-30T14:09:33+00:00\" \/>\n<meta property=\"article:modified_time\" content=\"2016-10-31T15:56:16+00:00\" \/>\n<meta property=\"og:image\" content=\"https:\/\/i2.wp.com\/www.vibarchitecture.com\/wp-content\/uploads\/2014\/01\/Neurones-e1389452288212.jpg?fit=472%2C289&ssl=1\" \/>\n\t<meta property=\"og:image:width\" content=\"472\" \/>\n\t<meta property=\"og:image:height\" content=\"289\" \/>\n\t<meta property=\"og:image:type\" content=\"image\/jpeg\" \/>\n<meta name=\"author\" content=\"agence vib\" \/>\n<meta name=\"twitter:card\" content=\"summary_large_image\" \/>\n<meta name=\"twitter:creator\" content=\"@vibarchitecture\" \/>\n<meta name=\"twitter:site\" content=\"@vibarchitecture\" \/>\n<meta name=\"twitter:label1\" content=\"\u00c9crit par\" \/>\n\t<meta name=\"twitter:data1\" content=\"agence vib\" \/>\n\t<meta name=\"twitter:label2\" content=\"Dur\u00e9e de lecture estim\u00e9e\" \/>\n\t<meta name=\"twitter:data2\" content=\"2 minutes\" \/>\n<script type=\"application\/ld+json\" class=\"yoast-schema-graph\">{\"@context\":\"https:\\\/\\\/schema.org\",\"@graph\":[{\"@type\":\"Article\",\"@id\":\"https:\\\/\\\/www.vibarchitecture.com\\\/fr\\\/vib-en-concours-saclay-103\\\/#article\",\"isPartOf\":{\"@id\":\"https:\\\/\\\/www.vibarchitecture.com\\\/fr\\\/vib-en-concours-saclay-103\\\/\"},\"author\":{\"name\":\"agence vib\",\"@id\":\"https:\\\/\\\/www.vibarchitecture.com\\\/fr\\\/#\\\/schema\\\/person\\\/1bd32cf38519bf6795e6df06a694189b\"},\"headline\":\"CONCOURS | vib retenu \u00e0 Saclay\",\"datePublished\":\"2013-10-30T14:09:33+00:00\",\"dateModified\":\"2016-10-31T15:56:16+00:00\",\"mainEntityOfPage\":{\"@id\":\"https:\\\/\\\/www.vibarchitecture.com\\\/fr\\\/vib-en-concours-saclay-103\\\/\"},\"wordCount\":342,\"commentCount\":0,\"image\":{\"@id\":\"https:\\\/\\\/www.vibarchitecture.com\\\/fr\\\/vib-en-concours-saclay-103\\\/#primaryimage\"},\"thumbnailUrl\":\"https:\\\/\\\/i0.wp.com\\\/www.vibarchitecture.com\\\/wp-content\\\/uploads\\\/2014\\\/01\\\/Neurones-e1389452288212.jpg?fit=472%2C289&ssl=1\",\"articleSection\":[\"concours\",\"revue de presse\"],\"inLanguage\":\"fr-FR\",\"potentialAction\":[{\"@type\":\"CommentAction\",\"name\":\"Comment\",\"target\":[\"https:\\\/\\\/www.vibarchitecture.com\\\/fr\\\/vib-en-concours-saclay-103\\\/#respond\"]}]},{\"@type\":\"WebPage\",\"@id\":\"https:\\\/\\\/www.vibarchitecture.com\\\/fr\\\/vib-en-concours-saclay-103\\\/\",\"url\":\"https:\\\/\\\/www.vibarchitecture.com\\\/fr\\\/vib-en-concours-saclay-103\\\/\",\"name\":\"CONCOURS | vib retenu \u00e0 Saclay - VIB architecture\",\"isPartOf\":{\"@id\":\"https:\\\/\\\/www.vibarchitecture.com\\\/fr\\\/#website\"},\"primaryImageOfPage\":{\"@id\":\"https:\\\/\\\/www.vibarchitecture.com\\\/fr\\\/vib-en-concours-saclay-103\\\/#primaryimage\"},\"image\":{\"@id\":\"https:\\\/\\\/www.vibarchitecture.com\\\/fr\\\/vib-en-concours-saclay-103\\\/#primaryimage\"},\"thumbnailUrl\":\"https:\\\/\\\/i0.wp.com\\\/www.vibarchitecture.com\\\/wp-content\\\/uploads\\\/2014\\\/01\\\/Neurones-e1389452288212.jpg?fit=472%2C289&ssl=1\",\"datePublished\":\"2013-10-30T14:09:33+00:00\",\"dateModified\":\"2016-10-31T15:56:16+00:00\",\"author\":{\"@id\":\"https:\\\/\\\/www.vibarchitecture.com\\\/fr\\\/#\\\/schema\\\/person\\\/1bd32cf38519bf6795e6df06a694189b\"},\"description\":\"vib architecture retenu \u00e0 Saclay: quatre groupements de ma\u00eetrise d\u2019\u0153uvre s\u00e9lectionn\u00e9s pour la construction du b\u00e2timent \\\"Neurosciences\\\"\",\"breadcrumb\":{\"@id\":\"https:\\\/\\\/www.vibarchitecture.com\\\/fr\\\/vib-en-concours-saclay-103\\\/#breadcrumb\"},\"inLanguage\":\"fr-FR\",\"potentialAction\":[{\"@type\":\"ReadAction\",\"target\":[\"https:\\\/\\\/www.vibarchitecture.com\\\/fr\\\/vib-en-concours-saclay-103\\\/\"]}]},{\"@type\":\"ImageObject\",\"inLanguage\":\"fr-FR\",\"@id\":\"https:\\\/\\\/www.vibarchitecture.com\\\/fr\\\/vib-en-concours-saclay-103\\\/#primaryimage\",\"url\":\"https:\\\/\\\/i0.wp.com\\\/www.vibarchitecture.com\\\/wp-content\\\/uploads\\\/2014\\\/01\\\/Neurones-e1389452288212.jpg?fit=472%2C289&ssl=1\",\"contentUrl\":\"https:\\\/\\\/i0.wp.com\\\/www.vibarchitecture.com\\\/wp-content\\\/uploads\\\/2014\\\/01\\\/Neurones-e1389452288212.jpg?fit=472%2C289&ssl=1\",\"width\":472,\"height\":289},{\"@type\":\"BreadcrumbList\",\"@id\":\"https:\\\/\\\/www.vibarchitecture.com\\\/fr\\\/vib-en-concours-saclay-103\\\/#breadcrumb\",\"itemListElement\":[{\"@type\":\"ListItem\",\"position\":1,\"name\":\"Accueil\",\"item\":\"https:\\\/\\\/www.vibarchitecture.com\\\/fr\\\/\"},{\"@type\":\"ListItem\",\"position\":2,\"name\":\"CONCOURS | vib retenu \u00e0 Saclay\"}]},{\"@type\":\"WebSite\",\"@id\":\"https:\\\/\\\/www.vibarchitecture.com\\\/fr\\\/#website\",\"url\":\"https:\\\/\\\/www.vibarchitecture.com\\\/fr\\\/\",\"name\":\"VIB architecture\",\"description\":\"Agence d&#039;architecture contemporaine, cr\u00e9\u00e9e par Bettina Ballus et Franck Vialet bas\u00e9e \u00e0 Paris et Bordeaux. Nous imaginons et construisons des laboratoires, logements, bureaux et projets culturels dans toute la France dans une d\u00e9marche cr\u00e9ative et responsable.\",\"potentialAction\":[{\"@type\":\"SearchAction\",\"target\":{\"@type\":\"EntryPoint\",\"urlTemplate\":\"https:\\\/\\\/www.vibarchitecture.com\\\/fr\\\/?s={search_term_string}\"},\"query-input\":{\"@type\":\"PropertyValueSpecification\",\"valueRequired\":true,\"valueName\":\"search_term_string\"}}],\"inLanguage\":\"fr-FR\"},{\"@type\":\"Person\",\"@id\":\"https:\\\/\\\/www.vibarchitecture.com\\\/fr\\\/#\\\/schema\\\/person\\\/1bd32cf38519bf6795e6df06a694189b\",\"name\":\"agence vib\",\"image\":{\"@type\":\"ImageObject\",\"inLanguage\":\"fr-FR\",\"@id\":\"https:\\\/\\\/secure.gravatar.com\\\/avatar\\\/c23b191ef4bfe03c09ed52223d086d211e9607260b70c507b7cdca85279685d9?s=96&d=identicon&r=g\",\"url\":\"https:\\\/\\\/secure.gravatar.com\\\/avatar\\\/c23b191ef4bfe03c09ed52223d086d211e9607260b70c507b7cdca85279685d9?s=96&d=identicon&r=g\",\"contentUrl\":\"https:\\\/\\\/secure.gravatar.com\\\/avatar\\\/c23b191ef4bfe03c09ed52223d086d211e9607260b70c507b7cdca85279685d9?s=96&d=identicon&r=g\",\"caption\":\"agence vib\"},\"description\":\"Webmaster de l'agence vib architecture\",\"sameAs\":[\"http:\\\/\\\/www.vibarchitecture.com\",\"https:\\\/\\\/x.com\\\/vibarchitecture\"],\"url\":\"https:\\\/\\\/www.vibarchitecture.com\\\/fr\\\/author\\\/webmaster\\\/\"}]}<\/script>\n<!-- \/ Yoast SEO plugin. -->","yoast_head_json":{"title":"CONCOURS | vib retenu \u00e0 Saclay - VIB architecture","description":"vib architecture retenu \u00e0 Saclay: quatre groupements de ma\u00eetrise d\u2019\u0153uvre s\u00e9lectionn\u00e9s pour la construction du b\u00e2timent \"Neurosciences\"","robots":{"index":"index","follow":"follow","max-snippet":"max-snippet:-1","max-image-preview":"max-image-preview:large","max-video-preview":"max-video-preview:-1"},"canonical":"https:\/\/www.vibarchitecture.com\/fr\/vib-en-concours-saclay-103\/","og_locale":"fr_FR","og_type":"article","og_title":"CONCOURS | vib retenu \u00e0 Saclay - VIB architecture","og_description":"vib architecture retenu \u00e0 Saclay: quatre groupements de ma\u00eetrise d\u2019\u0153uvre s\u00e9lectionn\u00e9s pour la construction du b\u00e2timent \"Neurosciences\"","og_url":"https:\/\/www.vibarchitecture.com\/fr\/vib-en-concours-saclay-103\/","og_site_name":"VIB architecture","article_publisher":"https:\/\/www.facebook.com\/vibarchitecture","article_published_time":"2013-10-30T14:09:33+00:00","article_modified_time":"2016-10-31T15:56:16+00:00","og_image":[{"width":472,"height":289,"url":"https:\/\/i2.wp.com\/www.vibarchitecture.com\/wp-content\/uploads\/2014\/01\/Neurones-e1389452288212.jpg?fit=472%2C289&ssl=1","type":"image\/jpeg"}],"author":"agence vib","twitter_card":"summary_large_image","twitter_creator":"@vibarchitecture","twitter_site":"@vibarchitecture","twitter_misc":{"\u00c9crit par":"agence vib","Dur\u00e9e de lecture estim\u00e9e":"2 minutes"},"schema":{"@context":"https:\/\/schema.org","@graph":[{"@type":"Article","@id":"https:\/\/www.vibarchitecture.com\/fr\/vib-en-concours-saclay-103\/#article","isPartOf":{"@id":"https:\/\/www.vibarchitecture.com\/fr\/vib-en-concours-saclay-103\/"},"author":{"name":"agence vib","@id":"https:\/\/www.vibarchitecture.com\/fr\/#\/schema\/person\/1bd32cf38519bf6795e6df06a694189b"},"headline":"CONCOURS | vib retenu \u00e0 Saclay","datePublished":"2013-10-30T14:09:33+00:00","dateModified":"2016-10-31T15:56:16+00:00","mainEntityOfPage":{"@id":"https:\/\/www.vibarchitecture.com\/fr\/vib-en-concours-saclay-103\/"},"wordCount":342,"commentCount":0,"image":{"@id":"https:\/\/www.vibarchitecture.com\/fr\/vib-en-concours-saclay-103\/#primaryimage"},"thumbnailUrl":"https:\/\/i0.wp.com\/www.vibarchitecture.com\/wp-content\/uploads\/2014\/01\/Neurones-e1389452288212.jpg?fit=472%2C289&ssl=1","articleSection":["concours","revue de presse"],"inLanguage":"fr-FR","potentialAction":[{"@type":"CommentAction","name":"Comment","target":["https:\/\/www.vibarchitecture.com\/fr\/vib-en-concours-saclay-103\/#respond"]}]},{"@type":"WebPage","@id":"https:\/\/www.vibarchitecture.com\/fr\/vib-en-concours-saclay-103\/","url":"https:\/\/www.vibarchitecture.com\/fr\/vib-en-concours-saclay-103\/","name":"CONCOURS | vib retenu \u00e0 Saclay - VIB architecture","isPartOf":{"@id":"https:\/\/www.vibarchitecture.com\/fr\/#website"},"primaryImageOfPage":{"@id":"https:\/\/www.vibarchitecture.com\/fr\/vib-en-concours-saclay-103\/#primaryimage"},"image":{"@id":"https:\/\/www.vibarchitecture.com\/fr\/vib-en-concours-saclay-103\/#primaryimage"},"thumbnailUrl":"https:\/\/i0.wp.com\/www.vibarchitecture.com\/wp-content\/uploads\/2014\/01\/Neurones-e1389452288212.jpg?fit=472%2C289&ssl=1","datePublished":"2013-10-30T14:09:33+00:00","dateModified":"2016-10-31T15:56:16+00:00","author":{"@id":"https:\/\/www.vibarchitecture.com\/fr\/#\/schema\/person\/1bd32cf38519bf6795e6df06a694189b"},"description":"vib architecture retenu \u00e0 Saclay: quatre groupements de ma\u00eetrise d\u2019\u0153uvre s\u00e9lectionn\u00e9s pour la construction du b\u00e2timent \"Neurosciences\"","breadcrumb":{"@id":"https:\/\/www.vibarchitecture.com\/fr\/vib-en-concours-saclay-103\/#breadcrumb"},"inLanguage":"fr-FR","potentialAction":[{"@type":"ReadAction","target":["https:\/\/www.vibarchitecture.com\/fr\/vib-en-concours-saclay-103\/"]}]},{"@type":"ImageObject","inLanguage":"fr-FR","@id":"https:\/\/www.vibarchitecture.com\/fr\/vib-en-concours-saclay-103\/#primaryimage","url":"https:\/\/i0.wp.com\/www.vibarchitecture.com\/wp-content\/uploads\/2014\/01\/Neurones-e1389452288212.jpg?fit=472%2C289&ssl=1","contentUrl":"https:\/\/i0.wp.com\/www.vibarchitecture.com\/wp-content\/uploads\/2014\/01\/Neurones-e1389452288212.jpg?fit=472%2C289&ssl=1","width":472,"height":289},{"@type":"BreadcrumbList","@id":"https:\/\/www.vibarchitecture.com\/fr\/vib-en-concours-saclay-103\/#breadcrumb","itemListElement":[{"@type":"ListItem","position":1,"name":"Accueil","item":"https:\/\/www.vibarchitecture.com\/fr\/"},{"@type":"ListItem","position":2,"name":"CONCOURS | vib retenu \u00e0 Saclay"}]},{"@type":"WebSite","@id":"https:\/\/www.vibarchitecture.com\/fr\/#website","url":"https:\/\/www.vibarchitecture.com\/fr\/","name":"VIB architecture","description":"Agence d&#039;architecture contemporaine, cr\u00e9\u00e9e par Bettina Ballus et Franck Vialet bas\u00e9e \u00e0 Paris et Bordeaux. Nous imaginons et construisons des laboratoires, logements, bureaux et projets culturels dans toute la France dans une d\u00e9marche cr\u00e9ative et responsable.","potentialAction":[{"@type":"SearchAction","target":{"@type":"EntryPoint","urlTemplate":"https:\/\/www.vibarchitecture.com\/fr\/?s={search_term_string}"},"query-input":{"@type":"PropertyValueSpecification","valueRequired":true,"valueName":"search_term_string"}}],"inLanguage":"fr-FR"},{"@type":"Person","@id":"https:\/\/www.vibarchitecture.com\/fr\/#\/schema\/person\/1bd32cf38519bf6795e6df06a694189b","name":"agence vib","image":{"@type":"ImageObject","inLanguage":"fr-FR","@id":"https:\/\/secure.gravatar.com\/avatar\/c23b191ef4bfe03c09ed52223d086d211e9607260b70c507b7cdca85279685d9?s=96&d=identicon&r=g","url":"https:\/\/secure.gravatar.com\/avatar\/c23b191ef4bfe03c09ed52223d086d211e9607260b70c507b7cdca85279685d9?s=96&d=identicon&r=g","contentUrl":"https:\/\/secure.gravatar.com\/avatar\/c23b191ef4bfe03c09ed52223d086d211e9607260b70c507b7cdca85279685d9?s=96&d=identicon&r=g","caption":"agence vib"},"description":"Webmaster de l'agence vib architecture","sameAs":["http:\/\/www.vibarchitecture.com","https:\/\/x.com\/vibarchitecture"],"url":"https:\/\/www.vibarchitecture.com\/fr\/author\/webmaster\/"}]}},"jetpack_featured_media_url":"https:\/\/i0.wp.com\/www.vibarchitecture.com\/wp-content\/uploads\/2014\/01\/Neurones-e1389452288212.jpg?fit=472%2C289&ssl=1","jetpack_shortlink":"https:\/\/wp.me\/pcD29w-1Nq","jetpack_sharing_enabled":true,"_links":{"self":[{"href":"https:\/\/www.vibarchitecture.com\/fr\/wp-json\/wp\/v2\/posts\/6908","targetHints":{"allow":["GET"]}}],"collection":[{"href":"https:\/\/www.vibarchitecture.com\/fr\/wp-json\/wp\/v2\/posts"}],"about":[{"href":"https:\/\/www.vibarchitecture.com\/fr\/wp-json\/wp\/v2\/types\/post"}],"author":[{"embeddable":true,"href":"https:\/\/www.vibarchitecture.com\/fr\/wp-json\/wp\/v2\/users\/11"}],"replies":[{"embeddable":true,"href":"https:\/\/www.vibarchitecture.com\/fr\/wp-json\/wp\/v2\/comments?post=6908"}],"version-history":[{"count":0,"href":"https:\/\/www.vibarchitecture.com\/fr\/wp-json\/wp\/v2\/posts\/6908\/revisions"}],"wp:featuredmedia":[{"embeddable":true,"href":"https:\/\/www.vibarchitecture.com\/fr\/wp-json\/wp\/v2\/media\/6909"}],"wp:attachment":[{"href":"https:\/\/www.vibarchitecture.com\/fr\/wp-json\/wp\/v2\/media?parent=6908"}],"wp:term":[{"taxonomy":"category","embeddable":true,"href":"https:\/\/www.vibarchitecture.com\/fr\/wp-json\/wp\/v2\/categories?post=6908"},{"taxonomy":"post_tag","embeddable":true,"href":"https:\/\/www.vibarchitecture.com\/fr\/wp-json\/wp\/v2\/tags?post=6908"}],"curies":[{"name":"wp","href":"https:\/\/api.w.org\/{rel}","templated":true}]}}