{"id":510,"count":2,"description":"","link":"https:\/\/www.vibarchitecture.com\/fr\/sujet\/dossier-de-presse-2\/","name":"dossier de presse","slug":"dossier-de-presse-2","taxonomy":"post_tag","meta":[],"yoast_head":"<!-- This site is optimized with the Yoast SEO plugin v27.5 - https:\/\/yoast.com\/product\/yoast-seo-wordpress\/ -->\n<title>dossier de presse Archives - VIB architecture<\/title>\n<meta name=\"robots\" content=\"index, follow, max-snippet:-1, max-image-preview:large, max-video-preview:-1\" \/>\n<link rel=\"canonical\" href=\"https:\/\/www.vibarchitecture.com\/fr\/sujet\/dossier-de-presse-2\/\" \/>\n<meta property=\"og:locale\" content=\"fr_FR\" \/>\n<meta property=\"og:type\" content=\"article\" \/>\n<meta property=\"og:title\" content=\"dossier de presse Archives - VIB architecture\" \/>\n<meta property=\"og:url\" content=\"https:\/\/www.vibarchitecture.com\/fr\/sujet\/dossier-de-presse-2\/\" \/>\n<meta property=\"og:site_name\" content=\"VIB architecture\" \/>\n<meta property=\"og:image\" content=\"https:\/\/i0.wp.com\/www.vibarchitecture.com\/wp-content\/uploads\/2014\/06\/vib_silos13_%C2%A9s_chalmeau_CF053792.1000-e1405082211155.jpg?fit=999%2C631&ssl=1\" \/>\n\t<meta property=\"og:image:width\" content=\"999\" \/>\n\t<meta property=\"og:image:height\" content=\"631\" \/>\n\t<meta property=\"og:image:type\" content=\"image\/jpeg\" \/>\n<meta name=\"twitter:card\" content=\"summary_large_image\" \/>\n<meta name=\"twitter:site\" content=\"@vibarchitecture\" \/>\n<script type=\"application\/ld+json\" class=\"yoast-schema-graph\">{\"@context\":\"https:\\\/\\\/schema.org\",\"@graph\":[{\"@type\":\"CollectionPage\",\"@id\":\"https:\\\/\\\/www.vibarchitecture.com\\\/fr\\\/sujet\\\/dossier-de-presse-2\\\/\",\"url\":\"https:\\\/\\\/www.vibarchitecture.com\\\/fr\\\/sujet\\\/dossier-de-presse-2\\\/\",\"name\":\"dossier de presse Archives - VIB architecture\",\"isPartOf\":{\"@id\":\"https:\\\/\\\/www.vibarchitecture.com\\\/fr\\\/#website\"},\"breadcrumb\":{\"@id\":\"https:\\\/\\\/www.vibarchitecture.com\\\/fr\\\/sujet\\\/dossier-de-presse-2\\\/#breadcrumb\"},\"inLanguage\":\"fr-FR\"},{\"@type\":\"BreadcrumbList\",\"@id\":\"https:\\\/\\\/www.vibarchitecture.com\\\/fr\\\/sujet\\\/dossier-de-presse-2\\\/#breadcrumb\",\"itemListElement\":[{\"@type\":\"ListItem\",\"position\":1,\"name\":\"Accueil\",\"item\":\"https:\\\/\\\/www.vibarchitecture.com\\\/fr\\\/\"},{\"@type\":\"ListItem\",\"position\":2,\"name\":\"dossier de presse\"}]},{\"@type\":\"WebSite\",\"@id\":\"https:\\\/\\\/www.vibarchitecture.com\\\/fr\\\/#website\",\"url\":\"https:\\\/\\\/www.vibarchitecture.com\\\/fr\\\/\",\"name\":\"VIB architecture\",\"description\":\"Agence d&#039;architecture contemporaine, cr\u00e9\u00e9e par Bettina Ballus et Franck Vialet bas\u00e9e \u00e0 Paris et Bordeaux. Nous imaginons et construisons des laboratoires, logements, bureaux et projets culturels dans toute la France dans une d\u00e9marche cr\u00e9ative et responsable.\",\"potentialAction\":[{\"@type\":\"SearchAction\",\"target\":{\"@type\":\"EntryPoint\",\"urlTemplate\":\"https:\\\/\\\/www.vibarchitecture.com\\\/fr\\\/?s={search_term_string}\"},\"query-input\":{\"@type\":\"PropertyValueSpecification\",\"valueRequired\":true,\"valueName\":\"search_term_string\"}}],\"inLanguage\":\"fr-FR\"}]}<\/script>\n<!-- \/ Yoast SEO plugin. -->","yoast_head_json":{"title":"dossier de presse Archives - VIB architecture","robots":{"index":"index","follow":"follow","max-snippet":"max-snippet:-1","max-image-preview":"max-image-preview:large","max-video-preview":"max-video-preview:-1"},"canonical":"https:\/\/www.vibarchitecture.com\/fr\/sujet\/dossier-de-presse-2\/","og_locale":"fr_FR","og_type":"article","og_title":"dossier de presse Archives - VIB architecture","og_url":"https:\/\/www.vibarchitecture.com\/fr\/sujet\/dossier-de-presse-2\/","og_site_name":"VIB architecture","og_image":[{"width":999,"height":631,"url":"https:\/\/i0.wp.com\/www.vibarchitecture.com\/wp-content\/uploads\/2014\/06\/vib_silos13_%C2%A9s_chalmeau_CF053792.1000-e1405082211155.jpg?fit=999%2C631&ssl=1","type":"image\/jpeg"}],"twitter_card":"summary_large_image","twitter_site":"@vibarchitecture","schema":{"@context":"https:\/\/schema.org","@graph":[{"@type":"CollectionPage","@id":"https:\/\/www.vibarchitecture.com\/fr\/sujet\/dossier-de-presse-2\/","url":"https:\/\/www.vibarchitecture.com\/fr\/sujet\/dossier-de-presse-2\/","name":"dossier de presse Archives - VIB architecture","isPartOf":{"@id":"https:\/\/www.vibarchitecture.com\/fr\/#website"},"breadcrumb":{"@id":"https:\/\/www.vibarchitecture.com\/fr\/sujet\/dossier-de-presse-2\/#breadcrumb"},"inLanguage":"fr-FR"},{"@type":"BreadcrumbList","@id":"https:\/\/www.vibarchitecture.com\/fr\/sujet\/dossier-de-presse-2\/#breadcrumb","itemListElement":[{"@type":"ListItem","position":1,"name":"Accueil","item":"https:\/\/www.vibarchitecture.com\/fr\/"},{"@type":"ListItem","position":2,"name":"dossier de presse"}]},{"@type":"WebSite","@id":"https:\/\/www.vibarchitecture.com\/fr\/#website","url":"https:\/\/www.vibarchitecture.com\/fr\/","name":"VIB architecture","description":"Agence d&#039;architecture contemporaine, cr\u00e9\u00e9e par Bettina Ballus et Franck Vialet bas\u00e9e \u00e0 Paris et Bordeaux. Nous imaginons et construisons des laboratoires, logements, bureaux et projets culturels dans toute la France dans une d\u00e9marche cr\u00e9ative et responsable.","potentialAction":[{"@type":"SearchAction","target":{"@type":"EntryPoint","urlTemplate":"https:\/\/www.vibarchitecture.com\/fr\/?s={search_term_string}"},"query-input":{"@type":"PropertyValueSpecification","valueRequired":true,"valueName":"search_term_string"}}],"inLanguage":"fr-FR"}]}},"_links":{"self":[{"href":"https:\/\/www.vibarchitecture.com\/fr\/wp-json\/wp\/v2\/tags\/510","targetHints":{"allow":["GET"]}}],"collection":[{"href":"https:\/\/www.vibarchitecture.com\/fr\/wp-json\/wp\/v2\/tags"}],"about":[{"href":"https:\/\/www.vibarchitecture.com\/fr\/wp-json\/wp\/v2\/taxonomies\/post_tag"}],"wp:post_type":[{"href":"https:\/\/www.vibarchitecture.com\/fr\/wp-json\/wp\/v2\/posts?tags=510"}],"curies":[{"name":"wp","href":"https:\/\/api.w.org\/{rel}","templated":true}]}}